{"id":959,"date":"2018-04-03T09:48:30","date_gmt":"2018-04-03T07:48:30","guid":{"rendered":"http:\/\/www.sliace.sk\/motorklub\/?p=959"},"modified":"2018-04-06T07:33:06","modified_gmt":"2018-04-06T05:33:06","slug":"959","status":"publish","type":"post","link":"http:\/\/www.sliace.sk\/motorklub\/2018\/04\/03\/959\/","title":{"rendered":"Registr\u00e1cie nov\u00fdch motocyklov 1.-3. 2018"},"content":{"rendered":"<p>Bohu\u017eia\u013e pokles registr\u00e1ci\u00ed nov\u00fdch motocyklov <span style=\"color: #ff0000;\">skoro o 27% (!!!)<\/span>\u00a0v prv\u00fdch troch mesiacoch roka 2018 nie je najlep\u0161\u00edm \u0161tartom do novej sez\u00f3ny.<!--more-->M\u00f4\u017eu za to ur\u010dite aj \u0161tvorkolky, ktor\u00e9 dovozcovia pred\u00e1vaj\u00fa po novom ako traktory, aby sa vyhli euro norm\u00e1m. Potom sa hnevaj\u00fa, \u017ee nie s\u00fa v \u0161tatistik\u00e1ch. Uvid\u00edme, ako sa premietne jarn\u00e9 oteplenie na motocyklov\u00fd obchod. Klesaj\u00faci trend registr\u00e1ci\u00ed mal\u00fdch motocyklov neve\u0161t\u00ed pre motocyklov\u00fa bud\u00facnos\u0165 ni\u010d dobr\u00e9. Mlad\u00fdch asi nel\u00e1kaj\u00fa skuto\u010dn\u00e9 z\u00e1\u017eitky v sedle motocykla, ale preferuj\u00fa virtu\u00e1lne z\u00e1\u017eitky na displejoch svojich otrok\u00e1rov.<\/p>\n<p><img src=\"http:\/\/www.sliace.sk\/motorklub\/wp-content\/uploads\/2018\/04\/evidencia_moto_2018.jpg\" \/><\/p>\n","protected":false},"excerpt":{"rendered":"<p>Bohu\u017eia\u013e pokles registr\u00e1ci\u00ed nov\u00fdch motocyklov skoro o 27% (!!!)\u00a0v prv\u00fdch troch mesiacoch roka 2018 nie je najlep\u0161\u00edm \u0161tartom do novej sez\u00f3ny.<\/p>\n","protected":false},"author":1,"featured_media":0,"comment_status":"open","ping_status":"open","sticky":false,"template":"","format":"standard","meta":[],"categories":[11,28,24],"tags":[37,29,20,23],"_links":{"self":[{"href":"http:\/\/www.sliace.sk\/motorklub\/wp-json\/wp\/v2\/posts\/959"}],"collection":[{"href":"http:\/\/www.sliace.sk\/motorklub\/wp-json\/wp\/v2\/posts"}],"about":[{"href":"http:\/\/www.sliace.sk\/motorklub\/wp-json\/wp\/v2\/types\/post"}],"author":[{"embeddable":true,"href":"http:\/\/www.sliace.sk\/motorklub\/wp-json\/wp\/v2\/users\/1"}],"replies":[{"embeddable":true,"href":"http:\/\/www.sliace.sk\/motorklub\/wp-json\/wp\/v2\/comments?post=959"}],"version-history":[{"count":3,"href":"http:\/\/www.sliace.sk\/motorklub\/wp-json\/wp\/v2\/posts\/959\/revisions"}],"predecessor-version":[{"id":962,"href":"http:\/\/www.sliace.sk\/motorklub\/wp-json\/wp\/v2\/posts\/959\/revisions\/962"}],"wp:attachment":[{"href":"http:\/\/www.sliace.sk\/motorklub\/wp-json\/wp\/v2\/media?parent=959"}],"wp:term":[{"taxonomy":"category","embeddable":true,"href":"http:\/\/www.sliace.sk\/motorklub\/wp-json\/wp\/v2\/categories?post=959"},{"taxonomy":"post_tag","embeddable":true,"href":"http:\/\/www.sliace.sk\/motorklub\/wp-json\/wp\/v2\/tags?post=959"}],"curies":[{"name":"wp","href":"https:\/\/api.w.org\/{rel}","templated":true}]}}