{"id":2140,"date":"2023-01-02T09:29:36","date_gmt":"2023-01-02T08:29:36","guid":{"rendered":"http:\/\/www.sliace.sk\/motorklub\/?p=2140"},"modified":"2023-01-02T09:29:36","modified_gmt":"2023-01-02T08:29:36","slug":"registracie-motocyklov-v-roku-2023","status":"publish","type":"post","link":"http:\/\/www.sliace.sk\/motorklub\/2023\/01\/02\/registracie-motocyklov-v-roku-2023\/","title":{"rendered":"Registr\u00e1cie motocyklov v roku 2023"},"content":{"rendered":"<p>Rok 2023 bol pre predajcov motocyklov na Slovensku pod\u013ea o\u010dak\u00e1vania op\u00e4\u0165 rekordn\u00fd.<br \/>\n<img src=\"http:\/\/www.sliace.sk\/motorklub\/wp-content\/uploads\/2023\/01\/2023_minv.png\"><br \/>\nCovid na\u0161tartoval z\u00e1ujem o individu\u00e1lnu dopravu a rovnako ako infl\u00e1cia v roku 2022 povzbudil predaj motocyklov. \u013dudia investovali na\u0161etren\u00e9 prostriedky pred znehodnoten\u00edm a motocykle predstavuj\u00fa viac ako len spotrebn\u00fd tovar na prepravu. Pod\u013ea \u0161tatist\u00edk je pokles cien jazdeniek v tomto segmente n\u00edzky. Samozrejme okrem \u010disto \u010d\u00ednskej produkcie. Pokles bol len pri \u0161tvorkolk\u00e1ch, ale to je sp\u00f4soben\u00e9 presunom ich moholog\u00e1cie medzi traktory. \u010c\u00ed\u0148ania takto obch\u00e1dzaj\u00fa emisn\u00e9 predpisy a sved\u010d\u00ed to o ich seri\u00f3znosti, reps. o seri\u00f3znosti import\u00e9rov. T\u00ed V\u00e1m u\u017e nepovedia, \u017ee tak\u00fdto &#8222;traktor&#8220; mus\u00ed absolvova\u0165 aj emisn\u00fa kontrolu a m\u00e1 obmedzenia na prev\u00e1dzku na cest\u00e1ch. To \u010do u\u0161etr\u00edte pri n\u00e1kupe V\u00e1s nesk\u00f4r dobehne.<\/p>\n","protected":false},"excerpt":{"rendered":"<p>Rok 2023 bol pre predajcov motocyklov na Slovensku pod\u013ea o\u010dak\u00e1vania op\u00e4\u0165 rekordn\u00fd. Covid na\u0161tartoval z\u00e1ujem o individu\u00e1lnu dopravu a rovnako ako infl\u00e1cia v roku 2022 povzbudil predaj motocyklov. \u013dudia investovali na\u0161etren\u00e9 prostriedky pred znehodnoten\u00edm a motocykle predstavuj\u00fa viac ako len spotrebn\u00fd tovar na prepravu. Pod\u013ea \u0161tatist\u00edk je pokles cien jazdeniek v tomto segmente n\u00edzky. Samozrejme\u2026 <span class=\"read-more\"><a href=\"http:\/\/www.sliace.sk\/motorklub\/2023\/01\/02\/registracie-motocyklov-v-roku-2023\/\">\u010c\u00edta\u0165 viac &raquo;<\/a><\/span><\/p>\n","protected":false},"author":1,"featured_media":0,"comment_status":"open","ping_status":"open","sticky":false,"template":"","format":"standard","meta":[],"categories":[11,28,24],"tags":[81,29,21,20,23],"_links":{"self":[{"href":"http:\/\/www.sliace.sk\/motorklub\/wp-json\/wp\/v2\/posts\/2140"}],"collection":[{"href":"http:\/\/www.sliace.sk\/motorklub\/wp-json\/wp\/v2\/posts"}],"about":[{"href":"http:\/\/www.sliace.sk\/motorklub\/wp-json\/wp\/v2\/types\/post"}],"author":[{"embeddable":true,"href":"http:\/\/www.sliace.sk\/motorklub\/wp-json\/wp\/v2\/users\/1"}],"replies":[{"embeddable":true,"href":"http:\/\/www.sliace.sk\/motorklub\/wp-json\/wp\/v2\/comments?post=2140"}],"version-history":[{"count":1,"href":"http:\/\/www.sliace.sk\/motorklub\/wp-json\/wp\/v2\/posts\/2140\/revisions"}],"predecessor-version":[{"id":2141,"href":"http:\/\/www.sliace.sk\/motorklub\/wp-json\/wp\/v2\/posts\/2140\/revisions\/2141"}],"wp:attachment":[{"href":"http:\/\/www.sliace.sk\/motorklub\/wp-json\/wp\/v2\/media?parent=2140"}],"wp:term":[{"taxonomy":"category","embeddable":true,"href":"http:\/\/www.sliace.sk\/motorklub\/wp-json\/wp\/v2\/categories?post=2140"},{"taxonomy":"post_tag","embeddable":true,"href":"http:\/\/www.sliace.sk\/motorklub\/wp-json\/wp\/v2\/tags?post=2140"}],"curies":[{"name":"wp","href":"https:\/\/api.w.org\/{rel}","templated":true}]}}