{"id":1078,"date":"2018-10-01T15:17:58","date_gmt":"2018-10-01T13:17:58","guid":{"rendered":"http:\/\/www.sliace.sk\/motorklub\/?p=1078"},"modified":"2018-10-01T15:17:58","modified_gmt":"2018-10-01T13:17:58","slug":"evidencia-motocyklov-januar-september-2018","status":"publish","type":"post","link":"http:\/\/www.sliace.sk\/motorklub\/2018\/10\/01\/evidencia-motocyklov-januar-september-2018\/","title":{"rendered":"Evidencia motocyklov janu\u00e1r-september 2018"},"content":{"rendered":"<p>Motoczkle dosiahli svoje dno registr\u00e1ci\u00ed u\u017e minul\u00fd rok. Tento rok vyzer\u00e1 s\u013eubne, aj ke\u010f ubudlo \u0161tvorkoliek, z ktor\u00fdch sa stali traktory (T3b). Mal\u00e9 motocykle s poldecov\u00fdmi motormi sa z trhu nen\u00e1vratne vytr\u00e1caj\u00fa.<!--more-->Motocykle sa pravdepodobne dostan\u00fa na \u00farove\u0148 roka 2016, ke\u010f predajcovia e\u0161te nevyplak\u00e1vali po\u00a0 slovensk\u00fdch \u010dasopisoch.<\/p>\n<p><img src=\"http:\/\/www.sliace.sk\/motorklub\/wp-content\/uploads\/2018\/10\/moto_september_2018.jpg\" \/><\/p>\n<p>\u0160tvorkoliek ub\u00fada, ale asi budem musie\u0165 sledova\u0165 aj traktory, kam sa presunuli \u0161pekulanti s euronormami. Mimochodom, na traktory nie je potrebn\u00e1 prilba&#8230; Tak\u017ee ak uvid\u00edte \u0161tvorkolk\u00e1ra bez prilby, nemus\u00ed hne\u010f poru\u0161ova\u0165 z\u00e1kon. Samozrejme, pri hav\u00e1rii mu z\u00e1kon nepom\u00f4\u017ee.<\/p>\n","protected":false},"excerpt":{"rendered":"<p>Motoczkle dosiahli svoje dno registr\u00e1ci\u00ed u\u017e minul\u00fd rok. Tento rok vyzer\u00e1 s\u013eubne, aj ke\u010f ubudlo \u0161tvorkoliek, z ktor\u00fdch sa stali traktory (T3b). Mal\u00e9 motocykle s poldecov\u00fdmi motormi sa z trhu nen\u00e1vratne vytr\u00e1caj\u00fa.<\/p>\n","protected":false},"author":1,"featured_media":0,"comment_status":"open","ping_status":"open","sticky":false,"template":"","format":"standard","meta":[],"categories":[11,28,24],"tags":[37,29,20,23],"_links":{"self":[{"href":"http:\/\/www.sliace.sk\/motorklub\/wp-json\/wp\/v2\/posts\/1078"}],"collection":[{"href":"http:\/\/www.sliace.sk\/motorklub\/wp-json\/wp\/v2\/posts"}],"about":[{"href":"http:\/\/www.sliace.sk\/motorklub\/wp-json\/wp\/v2\/types\/post"}],"author":[{"embeddable":true,"href":"http:\/\/www.sliace.sk\/motorklub\/wp-json\/wp\/v2\/users\/1"}],"replies":[{"embeddable":true,"href":"http:\/\/www.sliace.sk\/motorklub\/wp-json\/wp\/v2\/comments?post=1078"}],"version-history":[{"count":2,"href":"http:\/\/www.sliace.sk\/motorklub\/wp-json\/wp\/v2\/posts\/1078\/revisions"}],"predecessor-version":[{"id":1081,"href":"http:\/\/www.sliace.sk\/motorklub\/wp-json\/wp\/v2\/posts\/1078\/revisions\/1081"}],"wp:attachment":[{"href":"http:\/\/www.sliace.sk\/motorklub\/wp-json\/wp\/v2\/media?parent=1078"}],"wp:term":[{"taxonomy":"category","embeddable":true,"href":"http:\/\/www.sliace.sk\/motorklub\/wp-json\/wp\/v2\/categories?post=1078"},{"taxonomy":"post_tag","embeddable":true,"href":"http:\/\/www.sliace.sk\/motorklub\/wp-json\/wp\/v2\/tags?post=1078"}],"curies":[{"name":"wp","href":"https:\/\/api.w.org\/{rel}","templated":true}]}}